{"id":26,"date":"2019-08-08T13:05:00","date_gmt":"2019-08-08T11:05:00","guid":{"rendered":"http:\/\/czuni.cz\/?p=26"},"modified":"2020-01-20T13:03:25","modified_gmt":"2020-01-20T12:03:25","slug":"osud-leciv-v-pudach","status":"publish","type":"post","link":"https:\/\/czuni.cz\/?p=26","title":{"rendered":"Osud l\u00e9\u010div v p\u016fd\u00e1ch"},"content":{"rendered":"<p> Akce se konala 6. 8.&nbsp;2019 od 18:00 v&nbsp;Chot\u010di u Ji\u010d\u00edna (Chote\u010d  81, 507 81 &#8211; Hostinec U \u0160ulc\u016f \/ p\u0159\u00edpadn\u011b venku). N\u00e1v\u0161t\u011bvn\u00edci si  poslechli dv\u011b p\u0159edn\u00e1\u0161ky od odborn\u00edk\u016f. Od 19:00 hodin m\u011bli mo\u017enost  zapojit se do proch\u00e1zky po krajin\u011b a&nbsp;exkurze do p\u0159irozen\u00e9ho obyvatelstva  \u010desk\u00e9ho rybn\u00edka&nbsp;Oborn\u00edk v okol\u00ed Chot\u010de&nbsp;s neform\u00e1ln\u00ed diskuz\u00ed. <\/p><p><strong>Vodn\u00ed hospod\u00e1\u0159stv\u00ed \u010cR a dopady klimatick\u00fdch zm\u011bn&nbsp;<\/strong>&#8211; prof. Ing. Ji\u0159\u00ed Wanner, DrSc. (<a href=\"https:\/\/www.vscht.cz\/\">V\u0160CHT Praha<\/a>)<br>\u010cesk\u00e1\n republika m\u00e1 velice specifickou hydrologickou situaci, kdy v\u0161echny \nv\u00fdznamn\u00e9 \u0159eky pramen\u00ed u n\u00e1s, tak\u017ee i zne\u010di\u0161t\u011bn\u00ed na\u0161ich \u0159ek na hranic\u00edch \nje \u201ena\u0161e\u201c zne\u010di\u0161t\u011bn\u00ed. Proto je \u010dist\u011bn\u00ed odpadn\u00edch vod v&nbsp;\u010cR tak d\u016fle\u017eit\u00e9. \nBude stru\u010dn\u011b pops\u00e1na situace v&nbsp;\u010di\u0161t\u011bn\u00ed odpadn\u00edch vod a nejroz\u0161\u00ed\u0159en\u011bj\u0161\u00ed \ntechnologie. Zne\u010di\u0161t\u011bn\u00ed na\u0161ich povrchov\u00fdch i podzemn\u00edch vod poch\u00e1z\u00ed i \nz&nbsp;intenz\u00edvn\u00edho zem\u011bd\u011blstv\u00ed. Situace v&nbsp;kvalit\u011b povrchov\u00fdch i podzemn\u00edch \nvod se zhor\u0161uje i s&nbsp;postupuj\u00edc\u00edm suchem, kdy nedostatek vody vede ke \nzkoncentrov\u00e1n\u00ed zne\u010di\u0161t\u011bn\u00ed. Budou tak diskutov\u00e1ny i dopady klimatick\u00fdch \nzm\u011bn nejen do dostupnosti vodn\u00edch zdroj\u016f, ale i jejich kvality. Jako \np\u0159\u00edklad budou probr\u00e1ny zv\u011bt\u0161uj\u00edc\u00ed se probl\u00e9my s&nbsp;r\u016fstem zelen\u00fdch \u0159as a \nsinic i s&nbsp;obsahem l\u00e9\u010div a hormon\u016f v&nbsp;povrchov\u00fdch vod\u00e1ch.&nbsp;<\/p><p><strong>Osud&nbsp;l\u00e9\u010div v&nbsp;p\u016fd\u011b&nbsp;&#8211;<\/strong> Ing. Ale\u0161 Klement, Ph.D. (<a href=\"https:\/\/www.czu.cz\/cs\/\">\u010cZU v Praze<\/a>)<br>\u0158ada\n zem\u00ed, kter\u00e9 trp\u00ed nedostatkem vody, vyu\u017e\u00edv\u00e1 p\u0159e\u010di\u0161t\u011bnou odpadn\u00ed vodu pro\n zavla\u017eov\u00e1n\u00ed. S&nbsp;nedostakem sr\u00e1\u017eek a n\u00e1sledn\u011b se suchem se v&nbsp;posledn\u00edch \nletech setk\u00e1v\u00e1me i u n\u00e1s. Proto je mo\u017en\u00e9, \u017ee i u n\u00e1s bude odpadn\u00ed voda \npro zavla\u017eov\u00e1n\u00ed vyu\u017e\u00edv\u00e1na. \u0158ada l\u00e1tek, jako jsou nap\u0159\u00edklad l\u00e9\u010diva, \nnejsou z&nbsp;vody v&nbsp;\u010dist\u00edrn\u00e1ch odpadn\u00ed vody dostate\u010dn\u011b odbour\u00e1v\u00e1ny. L\u00e9\u010diva a\n da\u0161\u00ed l\u00e1tky jsou rovn\u011b\u017e koncentrov\u00e1ny v&nbsp;odpadn\u00edch kalech, kter\u00e9 jsou \n\u010dasto po jejich \u00faprav\u011b aplikov\u00e1ny do p\u016fdy. Tyto l\u00e1tky se pak mohou \nv&nbsp;p\u016fd\u011b akumulovat, pronikat do podzemn\u00edch vod a tak kontaminovat zdroje \npitn\u00e9 vody \u010di mohou b\u00fdt vst\u0159eb\u00e1v\u00e1ny rostlinami a tak kontaminovat \npotraviny. Bude kr\u00e1tce pops\u00e1no chov\u00e1n\u00ed l\u00e9\u010div v&nbsp;p\u016fd\u011b a na p\u0159\u00edkladech bude\n ilustrov\u00e1na mo\u017en\u00e1 kontaminace plodin.<\/p><p><\/p>","protected":false},"excerpt":{"rendered":"<p>Akce se konala 6. 8.&nbsp;2019 od 18:00 v&nbsp;Chot\u010di u Ji\u010d\u00edna (Chote\u010d 81, 507 81 &#8211; Hostinec U \u0160ulc\u016f \/ p\u0159\u00edpadn\u011b venku). N\u00e1v\u0161t\u011bvn\u00edci si poslechli dv\u011b p\u0159edn\u00e1\u0161ky od odborn\u00edk\u016f. Od 19:00 hodin m\u011bli mo\u017enost zapojit se do proch\u00e1zky po krajin\u011b a&nbsp;exkurze do p\u0159irozen\u00e9ho obyvatelstva \u010desk\u00e9ho rybn\u00edka&nbsp;Oborn\u00edk v okol\u00ed Chot\u010de&nbsp;s neform\u00e1ln\u00ed diskuz\u00ed. Vodn\u00ed hospod\u00e1\u0159stv\u00ed \u010cR a dopady [&hellip;]<\/p>\n","protected":false},"author":1,"featured_media":29,"comment_status":"closed","ping_status":"closed","sticky":false,"template":"","format":"standard","meta":{"footnotes":""},"categories":[7,3],"tags":[],"class_list":["post-26","post","type-post","status-publish","format-standard","has-post-thumbnail","hentry","category-odborne-seminare-v-regionech-ci-v-praze","category-spoluprace-s-vscht"],"_links":{"self":[{"href":"https:\/\/czuni.cz\/index.php?rest_route=\/wp\/v2\/posts\/26","targetHints":{"allow":["GET"]}}],"collection":[{"href":"https:\/\/czuni.cz\/index.php?rest_route=\/wp\/v2\/posts"}],"about":[{"href":"https:\/\/czuni.cz\/index.php?rest_route=\/wp\/v2\/types\/post"}],"author":[{"embeddable":true,"href":"https:\/\/czuni.cz\/index.php?rest_route=\/wp\/v2\/users\/1"}],"replies":[{"embeddable":true,"href":"https:\/\/czuni.cz\/index.php?rest_route=%2Fwp%2Fv2%2Fcomments&post=26"}],"version-history":[{"count":3,"href":"https:\/\/czuni.cz\/index.php?rest_route=\/wp\/v2\/posts\/26\/revisions"}],"predecessor-version":[{"id":31,"href":"https:\/\/czuni.cz\/index.php?rest_route=\/wp\/v2\/posts\/26\/revisions\/31"}],"wp:featuredmedia":[{"embeddable":true,"href":"https:\/\/czuni.cz\/index.php?rest_route=\/wp\/v2\/media\/29"}],"wp:attachment":[{"href":"https:\/\/czuni.cz\/index.php?rest_route=%2Fwp%2Fv2%2Fmedia&parent=26"}],"wp:term":[{"taxonomy":"category","embeddable":true,"href":"https:\/\/czuni.cz\/index.php?rest_route=%2Fwp%2Fv2%2Fcategories&post=26"},{"taxonomy":"post_tag","embeddable":true,"href":"https:\/\/czuni.cz\/index.php?rest_route=%2Fwp%2Fv2%2Ftags&post=26"}],"curies":[{"name":"wp","href":"https:\/\/api.w.org\/{rel}","templated":true}]}}