{"id":35,"date":"2019-09-12T13:15:00","date_gmt":"2019-09-12T11:15:00","guid":{"rendered":"http:\/\/czuni.cz\/?p=35"},"modified":"2020-01-20T13:03:40","modified_gmt":"2020-01-20T12:03:40","slug":"seminar-vychovni-poradci","status":"publish","type":"post","link":"https:\/\/czuni.cz\/?p=35","title":{"rendered":"Semin\u00e1\u0159 v\u00fdchovn\u00ed poradci"},"content":{"rendered":"<p>Vn\u00edm\u00e1me, \u017ee situace ve \u0161kolstv\u00ed \u010di probl\u00e9my s p\u0159\u00edpravou student\u016f a  jejich budouc\u00edm uplatn\u011bn\u00edm jsou spole\u010dn\u00e9, proto jsme nab\u00eddli  zaj\u00edmav\u00e1 t\u00e9mata k diskuzi a z\u00e1rove\u0148 sezn\u00e1mili \u00fa\u010dastn\u00edky s na\u0161imi  studijn\u00edmi programy a prost\u0159ed\u00edm, ve kter\u00e9m studenty vzd\u011bl\u00e1v\u00e1me. <\/p><p>Program: 10.15 &#8211; 11.55: 2 p\u0159edn\u00e1\u0161ky na spole\u010dn\u00e9 t\u00e9ma: Aktu\u00e1ln\u00ed problematika v\u00fdchovn\u00e9ho poradenstv\u00ed na st\u0159edn\u00edch \u0161kol\u00e1ch <\/p><p>1)\n Spolupr\u00e1ce v\u00fdchovn\u00e9ho poradce s pedagogicko-psychologickou poradnou \n(PhDr. Pavla Pickov\u00e1, Pedagogicko-psychologick\u00e1 poradna pro Prahu 1, 2 a\n 4) <\/p><p>2) \u0160koln\u00ed \u0159\u00e1d a jeho aplikace p\u0159i \u0159e\u0161en\u00ed probl\u00e9m\u016f na st\u0159edn\u00ed \n\u0161kole (Ing. Jana Morsteinov\u00e1, St\u0159edn\u00ed \u0161kola a vy\u0161\u0161\u00ed odb. \u0161kola um\u011bleck\u00e1 a\n \u0159emesln\u00e1 Nov\u00fd Zl\u00edchov) <\/p><p>12.00-12.40: P\u0159edstaven\u00ed studijn\u00edch \nprogram\u016f Fakulty agrobiologie, potravinov\u00fdch a p\u0159\u00edrodn\u00edch zdroj\u016f a \np\u0159edstaven\u00ed Institutu vzd\u011bl\u00e1v\u00e1n\u00ed a poradenstv\u00ed \u010cZU v Praze + diskuse <\/p><p>13:00 \u2013 ob\u011bd pro \u00fa\u010dastn\u00edky semin\u00e1\u0159e <\/p><p>13:45 \u2013 prohl\u00eddka are\u00e1lu \u010cZU (Libosad, st\u00e1j, laborato\u0159e Pav.D, ateli\u00e9ry, koleje, sportovi\u0161t\u011b). <\/p><p>16.00 \u2013 ukon\u010den\u00ed semin\u00e1\u0159e <\/p>","protected":false},"excerpt":{"rendered":"<p>Vn\u00edm\u00e1me, \u017ee situace ve \u0161kolstv\u00ed \u010di probl\u00e9my s p\u0159\u00edpravou student\u016f a jejich budouc\u00edm uplatn\u011bn\u00edm jsou spole\u010dn\u00e9, proto jsme nab\u00eddli zaj\u00edmav\u00e1 t\u00e9mata k diskuzi a z\u00e1rove\u0148 sezn\u00e1mili \u00fa\u010dastn\u00edky s na\u0161imi studijn\u00edmi programy a prost\u0159ed\u00edm, ve kter\u00e9m studenty vzd\u011bl\u00e1v\u00e1me. Program: 10.15 &#8211; 11.55: 2 p\u0159edn\u00e1\u0161ky na spole\u010dn\u00e9 t\u00e9ma: Aktu\u00e1ln\u00ed problematika v\u00fdchovn\u00e9ho poradenstv\u00ed na st\u0159edn\u00edch \u0161kol\u00e1ch 1) Spolupr\u00e1ce [&hellip;]<\/p>\n","protected":false},"author":1,"featured_media":37,"comment_status":"closed","ping_status":"closed","sticky":false,"template":"","format":"standard","meta":{"footnotes":""},"categories":[5,3],"tags":[],"class_list":["post-35","post","type-post","status-publish","format-standard","has-post-thumbnail","hentry","category-spolecne-jednodenni-odborne-a-popularizacni-programy","category-spoluprace-s-vscht"],"_links":{"self":[{"href":"https:\/\/czuni.cz\/index.php?rest_route=\/wp\/v2\/posts\/35","targetHints":{"allow":["GET"]}}],"collection":[{"href":"https:\/\/czuni.cz\/index.php?rest_route=\/wp\/v2\/posts"}],"about":[{"href":"https:\/\/czuni.cz\/index.php?rest_route=\/wp\/v2\/types\/post"}],"author":[{"embeddable":true,"href":"https:\/\/czuni.cz\/index.php?rest_route=\/wp\/v2\/users\/1"}],"replies":[{"embeddable":true,"href":"https:\/\/czuni.cz\/index.php?rest_route=%2Fwp%2Fv2%2Fcomments&post=35"}],"version-history":[{"count":1,"href":"https:\/\/czuni.cz\/index.php?rest_route=\/wp\/v2\/posts\/35\/revisions"}],"predecessor-version":[{"id":38,"href":"https:\/\/czuni.cz\/index.php?rest_route=\/wp\/v2\/posts\/35\/revisions\/38"}],"wp:featuredmedia":[{"embeddable":true,"href":"https:\/\/czuni.cz\/index.php?rest_route=\/wp\/v2\/media\/37"}],"wp:attachment":[{"href":"https:\/\/czuni.cz\/index.php?rest_route=%2Fwp%2Fv2%2Fmedia&parent=35"}],"wp:term":[{"taxonomy":"category","embeddable":true,"href":"https:\/\/czuni.cz\/index.php?rest_route=%2Fwp%2Fv2%2Fcategories&post=35"},{"taxonomy":"post_tag","embeddable":true,"href":"https:\/\/czuni.cz\/index.php?rest_route=%2Fwp%2Fv2%2Ftags&post=35"}],"curies":[{"name":"wp","href":"https:\/\/api.w.org\/{rel}","templated":true}]}}