{"id":58,"date":"2019-11-18T10:35:00","date_gmt":"2019-11-18T09:35:00","guid":{"rendered":"http:\/\/czuni.cz\/?p=58"},"modified":"2020-01-20T13:04:45","modified_gmt":"2020-01-20T12:04:45","slug":"spolecne-odborne-prednasky","status":"publish","type":"post","link":"https:\/\/czuni.cz\/?p=58","title":{"rendered":"Spole\u010dn\u00e9 odborn\u00e9 p\u0159edn\u00e1\u0161ky"},"content":{"rendered":"<p>Spole\u010dn\u00e9 odborn\u00e9 p\u0159edn\u00e1\u0161ky zam\u011b\u0159en\u00e9 na propagaci a popularizaci vzd\u011bl\u00e1vac\u00ed a tv\u016fr\u010d\u00ed \u010dinnosti \u010cZU a V\u0160CHT<\/p><p><strong>1a) FLD <\/strong><\/p><p>4. 3. 2019 &#8211;  SL\u0160 ve \u017dlutic\u00edch <\/p><p>20. 3. 2019 &#8211;  SL\u0160 v Hranic\u00edch <\/p><p>11.11. 2019 &#8211; N\u011bmeck\u00e9 gymn\u00e1zium Praha <\/p><p>18.11.2019 &#8211; veletrh V\u0160 \u017datec  <\/p><p>20. 11. 2019 &#8211; veletrh V\u0160 Na Zatlance <\/p><p>25.11.2019 &#8211; gymn\u00e1zium Chodovick\u00e1 <\/p><p>28.11. 2019 &#8211; gymn\u00e1zium Nov\u00e1 Paka <\/p><p>29. 11.2019 &#8211; N\u00e1chod Academia Mercurii <\/p><p>5.12.2019 \u2013 LA Trutnov <\/p><p>13.12.2019 &#8211; gymn\u00e1zium Sedl\u010dany <\/p><p>18.12.2019- gymn\u00e1zium St\u0159\u00edbro <\/p><p><strong>1b) FAPPZ \u2013 n\u011bkter\u00e9 v\u00fdjezdy byly spole\u010dn\u00e9 s FLD <\/strong><\/p><p>23.10. Gymn.Eli\u0161ky Kr\u00e1snohorsk\u00e9, Praha 4 <\/p><p>5.11. Gymn\u00e1zium Hostivice <\/p><p>7.11. SSO\u0160 Chaba\u0159ovick\u00e1 <\/p><p>11.11. N\u011bmeck\u00e9 gymn\u00e1zium &#8211; Den univerzit, Praha 5 <\/p><p>12.11. Gymn. Turnov <\/p><p>14.11. Zem\u011bd\u011blsk\u00e1 akademie a Gymn\u00e1zium Ho\u0159ice \u2013 st\u0159edn\u00ed \u0161kola a vy\u0161\u0161\u00ed odborn\u00e1 \u0161kola <\/p><p>18.11. Veletrh V\u0160 \u017datec <\/p><p>20.11. Veletrh V\u0160 &#8211; Gymn\u00e1zium Na Zatlance Pha 5 <\/p><p>21.11. Doctrina &#8211; PG Liberec <\/p><p>25.11. Gymn\u00e1zium Chodovnick\u00e1 Pha 9 <\/p><p>27.11.  Gymn\u00e1zium Mnichovo Hradi\u0161t\u011b  <\/p><p>28.11. Gymn\u00e1zium Nov\u00e1 Paka <\/p><p>29.11. Academia Mercurii N\u00e1chod <\/p><p>2.12. Gymn\u00e1zium V\u00e1clava Bene\u0161e T\u0159eb\u00edzsk\u00e9ho Slan\u00fd <\/p><p>3.12. Z\u00e1kladn\u00ed \u0161kola T.G.Masaryka a gymn\u00e1zium \u010cesk\u00e1 Kamenice <\/p><p>4.12. Gymn\u00e1zium \u010cesk\u00fd Brod <\/p><p>9.12. Gymn\u00e1zium \u010cel\u00e1kovice <\/p><p>13.12. Gymn\u00e1zium a SO\u0160E Sedl\u010dany <\/p><p>18.12. Gymn\u00e1zium St\u0159\u00edbro <\/p><p>Byly realizov\u00e1ny i 4 populariza\u010dn\u00ed p\u0159edn\u00e1\u0161ky prob\u011bhly na i na Veletrhu Gaudeamus v Brn\u011b <\/p><p><strong>1c) F\u017dP <\/strong><\/p><p>\u00b7 P\u0159\u00edroda St\u0159edomo\u0159\u00ed (P. Zasadil, SO\u0160 J. Hradec, 15. 11. 2019) <\/p><p>\u00b7 Geografie Balk\u00e1nsk\u00e9ho poloostrova (J. \u0160m\u00edd, Z\u0160 Praha \u2013 \u0158eporyje, 3. 12. 2019) <\/p><p>\u00b7 Balk\u00e1n: centrum evropsk\u00e9 diverzity (J. \u0160m\u00edd, Z\u0160 Praha \u2013 \u0158eporyje, 3. 12. 2019) <\/p><p>\u00b7 Maso\u017erav\u00e9 rostliny v \u010cR (V. Ludv\u00edkov\u00e1, Z\u0160 Chot\u00fd\u0161any, 4. 12. 2019) <\/p><p>\u00b7 Chov\u00e1n\u00ed pt\u00e1k\u016f a jejich ochrana (K. Machynkov\u00e1, Z\u0160 Praha \u2013 \u0158eporyje, 10. 12. 2019) <\/p><p>\u00b7 Synantropn\u00ed druhy pt\u00e1k\u016f a jak jim m\u016f\u017eeme pomoci (K. Machynkov\u00e1, Z\u0160 Praha \u2013 \u0158eporyje, 12. 12. 2019) <\/p><p>\u00b7 Pta\u010d\u00ed soused\u00e9 nejen na \u0161koln\u00ed zahrad\u011b (V. Ludv\u00edkov\u00e1, Z\u0160 Chot\u00fd\u0161any, 11. 12. 2019) <\/p><p>V\u00fdjezdy zaji\u0161\u0165ovali: <\/p><p>FAPPZ: Richard Hartman, Agnes Moravcs\u00edkov\u00e1, Mat\u011bj Satransk\u00fd <\/p><p>FLD: Prok\u016fpkov\u00e1, Faltusov\u00e1, Kalvas <\/p><p>F\u017dP: Filip Strnad, Radek Kl\u00ed\u010d, Proch\u00e1zkov\u00e1\u2026<\/p>","protected":false},"excerpt":{"rendered":"<p>Spole\u010dn\u00e9 odborn\u00e9 p\u0159edn\u00e1\u0161ky zam\u011b\u0159en\u00e9 na propagaci a popularizaci vzd\u011bl\u00e1vac\u00ed a tv\u016fr\u010d\u00ed \u010dinnosti \u010cZU a V\u0160CHT 1a) FLD 4. 3. 2019 &#8211; SL\u0160 ve \u017dlutic\u00edch 20. 3. 2019 &#8211; SL\u0160 v Hranic\u00edch 11.11. 2019 &#8211; N\u011bmeck\u00e9 gymn\u00e1zium Praha 18.11.2019 &#8211; veletrh V\u0160 \u017datec 20. 11. 2019 &#8211; veletrh V\u0160 Na Zatlance 25.11.2019 &#8211; gymn\u00e1zium Chodovick\u00e1 28.11. [&hellip;]<\/p>\n","protected":false},"author":1,"featured_media":0,"comment_status":"closed","ping_status":"closed","sticky":false,"template":"","format":"standard","meta":{"footnotes":""},"categories":[4,3],"tags":[],"class_list":["post-58","post","type-post","status-publish","format-standard","hentry","category-spolecne-odborne-prednasky","category-spoluprace-s-vscht"],"_links":{"self":[{"href":"https:\/\/czuni.cz\/index.php?rest_route=\/wp\/v2\/posts\/58","targetHints":{"allow":["GET"]}}],"collection":[{"href":"https:\/\/czuni.cz\/index.php?rest_route=\/wp\/v2\/posts"}],"about":[{"href":"https:\/\/czuni.cz\/index.php?rest_route=\/wp\/v2\/types\/post"}],"author":[{"embeddable":true,"href":"https:\/\/czuni.cz\/index.php?rest_route=\/wp\/v2\/users\/1"}],"replies":[{"embeddable":true,"href":"https:\/\/czuni.cz\/index.php?rest_route=%2Fwp%2Fv2%2Fcomments&post=58"}],"version-history":[{"count":1,"href":"https:\/\/czuni.cz\/index.php?rest_route=\/wp\/v2\/posts\/58\/revisions"}],"predecessor-version":[{"id":59,"href":"https:\/\/czuni.cz\/index.php?rest_route=\/wp\/v2\/posts\/58\/revisions\/59"}],"wp:attachment":[{"href":"https:\/\/czuni.cz\/index.php?rest_route=%2Fwp%2Fv2%2Fmedia&parent=58"}],"wp:term":[{"taxonomy":"category","embeddable":true,"href":"https:\/\/czuni.cz\/index.php?rest_route=%2Fwp%2Fv2%2Fcategories&post=58"},{"taxonomy":"post_tag","embeddable":true,"href":"https:\/\/czuni.cz\/index.php?rest_route=%2Fwp%2Fv2%2Ftags&post=58"}],"curies":[{"name":"wp","href":"https:\/\/api.w.org\/{rel}","templated":true}]}}