{"id":68,"date":"2019-11-05T10:43:05","date_gmt":"2019-11-05T09:43:05","guid":{"rendered":"http:\/\/czuni.cz\/?p=68"},"modified":"2020-01-20T13:04:33","modified_gmt":"2020-01-20T12:04:33","slug":"drevo-material-budoucnosti","status":"publish","type":"post","link":"https:\/\/czuni.cz\/?p=68","title":{"rendered":"D\u0159evo &#8211; materi\u00e1l budoucnosti"},"content":{"rendered":"<p>Dne 5.11.2019 se na Fakult\u011b lesnick\u00e9 a d\u0159eva\u0159sk\u00e9 konal jednodenn\u00ed  workshop pro studenty ze St\u0159edn\u00ed um\u011bleckopr\u016fmyslov\u00e9 \u0161koly v Praze na  \u017di\u017ekov\u011b, obor tvorba n\u00e1bytku a interi\u00e9r\u016f. Tato akce prob\u011bhla na  D\u0159eva\u0159sk\u00e9m pavilonu FLD a na nov\u011b otev\u0159en\u00e9m High-tech  technologicko-v\u00fdukov\u00e9m pavilonu FLD v r\u00e1mci CRP projektu Propagace  vzd\u011bl\u00e1vac\u00ed \u010dinnosti a posilov\u00e1n\u00ed spole\u010densk\u00e9 odpov\u011bdnosti a region\u00e1ln\u00edho  p\u016fsoben\u00ed \u010cesk\u00e9 zem\u011bd\u011blsk\u00e9 univerzity v Praze a Vysok\u00e9 \u0161koly  chemicko-technologick\u00e9 v Praze. C\u00edlem akce bylo sezn\u00e1mit st\u0159edo\u0161kolsk\u00e9  studenty s nejmodern\u011bj\u0161\u00edmi technologiemi pou\u017e\u00edvan\u00fdmi v d\u0159evozpracuj\u00edc\u00edm  pr\u016fmyslu. Studenti m\u011bli tak\u00e9 mo\u017enost se sezn\u00e1mit se \u0161pi\u010dkov\u00fdm  p\u0159\u00edstrojov\u00fdm vybaven\u00edm, kter\u00e9 se vyu\u017e\u00edv\u00e1 pro d\u0159eva\u0159sk\u00fd v\u00fdzkum, sv\u00fdm  rozsahem jedine\u010dn\u00fdm na \u00fazem\u00ed \u010cesk\u00e9 republiky. Formou odborn\u00e9ho v\u00fdkladu  pracovn\u00edk\u016f fakulty, praktick\u00fdch uk\u00e1zek a n\u00e1sledn\u00e9 diskuze studenti  st\u0159edn\u00ed odborn\u00e9 \u0161koly z\u00edskali re\u00e1lnou p\u0159edstavu o situaci a sm\u011b\u0159ov\u00e1n\u00ed  tohoto odv\u011btv\u00ed. Akce p\u0159isp\u011bla k jejich \u0161ir\u0161\u00edmu odborn\u00e9mu rozhledu a  nasm\u011brov\u00e1n\u00ed jejich budouc\u00ed profesn\u00ed kari\u00e9ry, v\u010detn\u011b potenci\u00e1ln\u00edch  mo\u017enost\u00ed studia.<\/p><figure class=\"wp-block-gallery columns-3 is-cropped wp-block-gallery-1 is-layout-flex wp-block-gallery-is-layout-flex\"><ul class=\"blocks-gallery-grid\"><li class=\"blocks-gallery-item\"><figure><img fetchpriority=\"high\" decoding=\"async\" width=\"800\" height=\"600\" src=\"http:\/\/czuni.cz\/wp-content\/uploads\/2020\/01\/20191105_103234.jpg\" alt=\"\" data-id=\"70\" data-full-url=\"http:\/\/czuni.cz\/wp-content\/uploads\/2020\/01\/20191105_103234.jpg\" data-link=\"http:\/\/czuni.cz\/?attachment_id=70\" class=\"wp-image-70\" srcset=\"https:\/\/czuni.cz\/wp-content\/uploads\/2020\/01\/20191105_103234.jpg 800w, https:\/\/czuni.cz\/wp-content\/uploads\/2020\/01\/20191105_103234-300x225.jpg 300w, https:\/\/czuni.cz\/wp-content\/uploads\/2020\/01\/20191105_103234-768x576.jpg 768w\" sizes=\"(max-width: 800px) 100vw, 800px\" \/><\/figure><\/li><li class=\"blocks-gallery-item\"><figure><img decoding=\"async\" width=\"800\" height=\"600\" src=\"http:\/\/czuni.cz\/wp-content\/uploads\/2020\/01\/P1012301.jpg\" alt=\"\" data-id=\"71\" data-full-url=\"http:\/\/czuni.cz\/wp-content\/uploads\/2020\/01\/P1012301.jpg\" data-link=\"http:\/\/czuni.cz\/?attachment_id=71\" class=\"wp-image-71\" srcset=\"https:\/\/czuni.cz\/wp-content\/uploads\/2020\/01\/P1012301.jpg 800w, https:\/\/czuni.cz\/wp-content\/uploads\/2020\/01\/P1012301-300x225.jpg 300w, https:\/\/czuni.cz\/wp-content\/uploads\/2020\/01\/P1012301-768x576.jpg 768w\" sizes=\"(max-width: 800px) 100vw, 800px\" \/><\/figure><\/li><li class=\"blocks-gallery-item\"><figure><img decoding=\"async\" width=\"800\" height=\"600\" src=\"http:\/\/czuni.cz\/wp-content\/uploads\/2020\/01\/P1012303.jpg\" alt=\"\" data-id=\"72\" data-full-url=\"http:\/\/czuni.cz\/wp-content\/uploads\/2020\/01\/P1012303.jpg\" data-link=\"http:\/\/czuni.cz\/?attachment_id=72\" class=\"wp-image-72\" srcset=\"https:\/\/czuni.cz\/wp-content\/uploads\/2020\/01\/P1012303.jpg 800w, https:\/\/czuni.cz\/wp-content\/uploads\/2020\/01\/P1012303-300x225.jpg 300w, https:\/\/czuni.cz\/wp-content\/uploads\/2020\/01\/P1012303-768x576.jpg 768w\" sizes=\"(max-width: 800px) 100vw, 800px\" \/><\/figure><\/li><\/ul><\/figure>","protected":false},"excerpt":{"rendered":"<p>Dne 5.11.2019 se na Fakult\u011b lesnick\u00e9 a d\u0159eva\u0159sk\u00e9 konal jednodenn\u00ed workshop pro studenty ze St\u0159edn\u00ed um\u011bleckopr\u016fmyslov\u00e9 \u0161koly v Praze na \u017di\u017ekov\u011b, obor tvorba n\u00e1bytku a interi\u00e9r\u016f. Tato akce prob\u011bhla na D\u0159eva\u0159sk\u00e9m pavilonu FLD a na nov\u011b otev\u0159en\u00e9m High-tech technologicko-v\u00fdukov\u00e9m pavilonu FLD v r\u00e1mci CRP projektu Propagace vzd\u011bl\u00e1vac\u00ed \u010dinnosti a posilov\u00e1n\u00ed spole\u010densk\u00e9 odpov\u011bdnosti a region\u00e1ln\u00edho p\u016fsoben\u00ed [&hellip;]<\/p>\n","protected":false},"author":1,"featured_media":69,"comment_status":"closed","ping_status":"closed","sticky":false,"template":"","format":"standard","meta":{"footnotes":""},"categories":[5,3],"tags":[],"class_list":["post-68","post","type-post","status-publish","format-standard","has-post-thumbnail","hentry","category-spolecne-jednodenni-odborne-a-popularizacni-programy","category-spoluprace-s-vscht"],"_links":{"self":[{"href":"https:\/\/czuni.cz\/index.php?rest_route=\/wp\/v2\/posts\/68","targetHints":{"allow":["GET"]}}],"collection":[{"href":"https:\/\/czuni.cz\/index.php?rest_route=\/wp\/v2\/posts"}],"about":[{"href":"https:\/\/czuni.cz\/index.php?rest_route=\/wp\/v2\/types\/post"}],"author":[{"embeddable":true,"href":"https:\/\/czuni.cz\/index.php?rest_route=\/wp\/v2\/users\/1"}],"replies":[{"embeddable":true,"href":"https:\/\/czuni.cz\/index.php?rest_route=%2Fwp%2Fv2%2Fcomments&post=68"}],"version-history":[{"count":1,"href":"https:\/\/czuni.cz\/index.php?rest_route=\/wp\/v2\/posts\/68\/revisions"}],"predecessor-version":[{"id":73,"href":"https:\/\/czuni.cz\/index.php?rest_route=\/wp\/v2\/posts\/68\/revisions\/73"}],"wp:featuredmedia":[{"embeddable":true,"href":"https:\/\/czuni.cz\/index.php?rest_route=\/wp\/v2\/media\/69"}],"wp:attachment":[{"href":"https:\/\/czuni.cz\/index.php?rest_route=%2Fwp%2Fv2%2Fmedia&parent=68"}],"wp:term":[{"taxonomy":"category","embeddable":true,"href":"https:\/\/czuni.cz\/index.php?rest_route=%2Fwp%2Fv2%2Fcategories&post=68"},{"taxonomy":"post_tag","embeddable":true,"href":"https:\/\/czuni.cz\/index.php?rest_route=%2Fwp%2Fv2%2Ftags&post=68"}],"curies":[{"name":"wp","href":"https:\/\/api.w.org\/{rel}","templated":true}]}}