{"id":82,"date":"2019-07-24T10:53:00","date_gmt":"2019-07-24T08:53:00","guid":{"rendered":"http:\/\/czuni.cz\/?p=82"},"modified":"2020-01-20T13:02:06","modified_gmt":"2020-01-20T12:02:06","slug":"lesy-a-drevo","status":"publish","type":"post","link":"https:\/\/czuni.cz\/?p=82","title":{"rendered":"Lesy a d\u0159evo"},"content":{"rendered":"<p><strong>FLD \u010cZU v&nbsp;Praze 22. &#8211; 24. 7. 2019<\/strong><\/p><p>B\u011bhem 3 denn\u00edho workshopu se\nstudenti ze st\u0159edn\u00edch \u0161kol poutavou formu sezn\u00e1mili s&nbsp;v\u00fdznamem lesa a\nd\u0159eva pro lidskou spole\u010dnost a \u017eivotn\u00ed prost\u0159ed\u00ed.<\/p><p>T\u00e9mata: <\/p><p>P\u0159edn\u00e1\u0161ka entomologie: Kr\u00e1sa\nmot\u00fdl\u00edch k\u0159\u00eddel<\/p><p>Praktick\u00e1 \u010d\u00e1st entomologie:\nHmyz pod lupou<\/p><p>Prohl\u00eddka \u0160koln\u00edho lesn\u00edho\npodniku v&nbsp;Kostelci nad \u010cern\u00fdmi lesy \u2013 lesnick\u00e9 hospoda\u0159en\u00ed v praxi, <\/p><p>Exkurze&nbsp;v&nbsp;Arboretu\nFLD \u2013 praktick\u00e1 dendrologie<\/p><p>P\u0159edn\u00e1\u0161ka zoologie: Velk\u00e9\n\u0161elmy v \u010cesk\u00e9 republice<\/p><p>Praktick\u00e1 \u010d\u00e1st zoologie:\nOdl\u00e9v\u00e1n\u00ed stop<\/p><p>P\u0159edn\u00e1\u0161ka: D\u0159evo jako\nobnoviteln\u00e1 surovina<\/p><p>Praktick\u00e1 \u010d\u00e1st: Zpracov\u00e1n\u00ed\nd\u0159eva<\/p>","protected":false},"excerpt":{"rendered":"<p>FLD \u010cZU v&nbsp;Praze 22. &#8211; 24. 7. 2019 B\u011bhem 3 denn\u00edho workshopu se studenti ze st\u0159edn\u00edch \u0161kol poutavou formu sezn\u00e1mili s&nbsp;v\u00fdznamem lesa a d\u0159eva pro lidskou spole\u010dnost a \u017eivotn\u00ed prost\u0159ed\u00ed. T\u00e9mata: P\u0159edn\u00e1\u0161ka entomologie: Kr\u00e1sa mot\u00fdl\u00edch k\u0159\u00eddel Praktick\u00e1 \u010d\u00e1st entomologie: Hmyz pod lupou Prohl\u00eddka \u0160koln\u00edho lesn\u00edho podniku v&nbsp;Kostelci nad \u010cern\u00fdmi lesy \u2013 lesnick\u00e9 hospoda\u0159en\u00ed v praxi, [&hellip;]<\/p>\n","protected":false},"author":1,"featured_media":83,"comment_status":"closed","ping_status":"closed","sticky":false,"template":"","format":"standard","meta":{"footnotes":""},"categories":[6,3],"tags":[],"class_list":["post-82","post","type-post","status-publish","format-standard","has-post-thumbnail","hentry","category-spolecne-3-5ti-denni-letni-workshopy","category-spoluprace-s-vscht"],"_links":{"self":[{"href":"https:\/\/czuni.cz\/index.php?rest_route=\/wp\/v2\/posts\/82","targetHints":{"allow":["GET"]}}],"collection":[{"href":"https:\/\/czuni.cz\/index.php?rest_route=\/wp\/v2\/posts"}],"about":[{"href":"https:\/\/czuni.cz\/index.php?rest_route=\/wp\/v2\/types\/post"}],"author":[{"embeddable":true,"href":"https:\/\/czuni.cz\/index.php?rest_route=\/wp\/v2\/users\/1"}],"replies":[{"embeddable":true,"href":"https:\/\/czuni.cz\/index.php?rest_route=%2Fwp%2Fv2%2Fcomments&post=82"}],"version-history":[{"count":2,"href":"https:\/\/czuni.cz\/index.php?rest_route=\/wp\/v2\/posts\/82\/revisions"}],"predecessor-version":[{"id":104,"href":"https:\/\/czuni.cz\/index.php?rest_route=\/wp\/v2\/posts\/82\/revisions\/104"}],"wp:featuredmedia":[{"embeddable":true,"href":"https:\/\/czuni.cz\/index.php?rest_route=\/wp\/v2\/media\/83"}],"wp:attachment":[{"href":"https:\/\/czuni.cz\/index.php?rest_route=%2Fwp%2Fv2%2Fmedia&parent=82"}],"wp:term":[{"taxonomy":"category","embeddable":true,"href":"https:\/\/czuni.cz\/index.php?rest_route=%2Fwp%2Fv2%2Fcategories&post=82"},{"taxonomy":"post_tag","embeddable":true,"href":"https:\/\/czuni.cz\/index.php?rest_route=%2Fwp%2Fv2%2Ftags&post=82"}],"curies":[{"name":"wp","href":"https:\/\/api.w.org\/{rel}","templated":true}]}}