{"id":8638,"date":"2023-06-12T17:05:10","date_gmt":"2023-06-12T15:05:10","guid":{"rendered":"https:\/\/czuni.cz\/uloha-milirist-z-hlediska-kulturniho-dedictvi-a-ochrany-krajiny\/"},"modified":"2023-06-12T17:05:10","modified_gmt":"2023-06-12T15:05:10","slug":"uloha-milirist-z-hlediska-kulturniho-dedictvi-a-ochrany-krajiny","status":"publish","type":"post","link":"https:\/\/czuni.cz\/?p=8638","title":{"rendered":"\u00daloha mil\u00ed\u0159i\u0161\u0165 z hlediska kulturn\u00edho d\u011bdictv\u00ed a ochrany krajiny"},"content":{"rendered":"<p>Dokumen\u00e1trn\u00ed film byl ocen\u011bn v r\u00e1mci <a href=\"https:\/\/www.musaionfilm.net\/\">p\u0159ehl\u00eddky muzejn\u00edch film\u016f MUSAIONfilm 2023<\/a>.<\/p>\n<p>\u00a0<\/p>\n<p>Mil\u00ed\u0159e \u2013 Z minulosti do sou\u010dasnosti (\u010cesk\u00e1 republika, 2022, 15 min., Re\u017eie: Zden\u011bk Zvonek)<br \/>\nMil\u00ed\u0159e a d\u0159ev\u011bn\u00e9 uhl\u00ed n\u00e1m p\u0159ipom\u00ednaj\u00ed d\u00e1vn\u00e9 \u010dasy i zapomenut\u00e1 \u0159emesla, kter\u00e1 zn\u00e1me z poh\u00e1dek. Jejich poz\u016fstatky ale nach\u00e1z\u00edme v \u010desk\u00e9 krajin\u011b dodnes a vypr\u00e1v\u011bj\u00ed n\u00e1m p\u0159\u00edb\u011bhy nejen o historii ale i o p\u0159\u00edrod\u011b.<\/p>\n<p>Mil\u00ed\u0159i\u0161t\u011b jsou experiment\u00e1ln\u00ed plochy, na kter\u00fdch interdisciplin\u00e1rn\u00ed t\u00fdm v\u011bdc\u016f a v\u011bdky\u0148 z \u010cesk\u00e9 zem\u011bd\u011blsk\u00e9 univerzity komplexn\u011b zkoum\u00e1 v\u00fdvoj p\u016fdy a krajiny. Takov\u00fd interdisciplin\u00e1rn\u011b zam\u011b\u0159en\u00fd t\u00fdm \u010d\u00edt\u00e1 pedology ale i archeology, historiky a botaniky a \u00faskal\u00ed v\u00fdzkumu d\u016fkladn\u011b probereme v r\u00e1mci debaty po projekci filmu. Jak tedy vypad\u00e1 mil\u00ed\u0159? A co n\u00e1m m\u016f\u017ee pov\u011bd\u011bt o na\u0161\u00ed minulosti?<br \/>\nRE\u017dIE: Zden\u011bk Zvonek KAMERA: Zden\u011bk Zvonek SC\u00c9N\u00c1\u0158: Mark\u00e9ta Mare\u010dkov\u00e1, V\u00e1clav Tejneck\u00fd ANIMACE: Tereza Krsov\u00e1 ZVUK: Daniel N\u011bmec<\/p>\n<p><a href=\"https:\/\/czuvpraze-my.sharepoint.com\/:v:\/g\/personal\/tejnecky_af_czu_cz\/EUoya6a9JstIoTx0GZC7djwBMOZRgg2qs-4RJjlm02pAaQ?e=4%3AohJq9e&amp;at=9\">Odkaz na film<\/a><\/p>","protected":false},"excerpt":{"rendered":"<p>Dokumen\u00e1trn\u00ed film byl ocen\u011bn v r\u00e1mci p\u0159ehl\u00eddky muzejn\u00edch film\u016f MUSAIONfilm 2023. \u00a0 Mil\u00ed\u0159e \u2013 Z minulosti do sou\u010dasnosti (\u010cesk\u00e1 republika, 2022, 15 min., Re\u017eie: Zden\u011bk Zvonek) Mil\u00ed\u0159e a d\u0159ev\u011bn\u00e9 uhl\u00ed n\u00e1m p\u0159ipom\u00ednaj\u00ed d\u00e1vn\u00e9 \u010dasy i zapomenut\u00e1 \u0159emesla, kter\u00e1 zn\u00e1me z poh\u00e1dek. Jejich poz\u016fstatky ale nach\u00e1z\u00edme v \u010desk\u00e9 krajin\u011b dodnes a vypr\u00e1v\u011bj\u00ed n\u00e1m p\u0159\u00edb\u011bhy nejen o [&hellip;]<\/p>\n","protected":false},"author":0,"featured_media":8639,"comment_status":"closed","ping_status":"closed","sticky":false,"template":"","format":"standard","meta":{"footnotes":""},"categories":[146],"tags":[],"class_list":["post-8638","post","type-post","status-publish","format-standard","has-post-thumbnail","hentry","category-agrofakta-cz"],"_links":{"self":[{"href":"https:\/\/czuni.cz\/index.php?rest_route=\/wp\/v2\/posts\/8638","targetHints":{"allow":["GET"]}}],"collection":[{"href":"https:\/\/czuni.cz\/index.php?rest_route=\/wp\/v2\/posts"}],"about":[{"href":"https:\/\/czuni.cz\/index.php?rest_route=\/wp\/v2\/types\/post"}],"replies":[{"embeddable":true,"href":"https:\/\/czuni.cz\/index.php?rest_route=%2Fwp%2Fv2%2Fcomments&post=8638"}],"version-history":[{"count":0,"href":"https:\/\/czuni.cz\/index.php?rest_route=\/wp\/v2\/posts\/8638\/revisions"}],"wp:featuredmedia":[{"embeddable":true,"href":"https:\/\/czuni.cz\/index.php?rest_route=\/wp\/v2\/media\/8639"}],"wp:attachment":[{"href":"https:\/\/czuni.cz\/index.php?rest_route=%2Fwp%2Fv2%2Fmedia&parent=8638"}],"wp:term":[{"taxonomy":"category","embeddable":true,"href":"https:\/\/czuni.cz\/index.php?rest_route=%2Fwp%2Fv2%2Fcategories&post=8638"},{"taxonomy":"post_tag","embeddable":true,"href":"https:\/\/czuni.cz\/index.php?rest_route=%2Fwp%2Fv2%2Ftags&post=8638"}],"curies":[{"name":"wp","href":"https:\/\/api.w.org\/{rel}","templated":true}]}}