{"id":8649,"date":"2023-09-25T20:42:05","date_gmt":"2023-09-25T18:42:05","guid":{"rendered":"https:\/\/czuni.cz\/male-ceske-toky-ohrozuje-sucho-velky-problem-maji-i-organismy-ktere-v-nich-ziji\/"},"modified":"2023-09-25T20:42:05","modified_gmt":"2023-09-25T18:42:05","slug":"male-ceske-toky-ohrozuje-sucho-velky-problem-maji-i-organismy-ktere-v-nich-ziji","status":"publish","type":"post","link":"https:\/\/czuni.cz\/?p=8649","title":{"rendered":"Mal\u00e9 \u010desk\u00e9 toky ohro\u017euje sucho. Velk\u00fd probl\u00e9m maj\u00ed i organismy, kter\u00e9 v nich \u017eij\u00ed"},"content":{"rendered":"<p>O suchu sl\u00fdch\u00e1me v souvislosti se zm\u011bnou klimatu \u010d\u00edm d\u00e1l \u010dast\u011bji. Pr\u00e1zdn\u011bj\u0161\u00ed studny a z\u00e1kazy napou\u0161t\u011bn\u00ed baz\u00e9n\u016f ale nejsou jedin\u00fdm dopadem zm\u011bn na Zemi. Je\u0161t\u011b drtiv\u011bj\u0161\u00ed dopad m\u00e1 sucho na organismy, kter\u00e9 \u017eij\u00ed ve vod\u011b a v jej\u00ed t\u011bsn\u00e9 bl\u00edzkosti.<\/p>\n<p>Jak klimatick\u00e1 zm\u011bna ovliv\u0148uje kvalitu vody? Zvl\u00e1dnou se raci nebo ryby p\u0159izp\u016fsobit? A je vlastn\u011b \u010desk\u00e1 krajina p\u0159ipravena na dopady klimatick\u00e9 zm\u011bny? V\u00edc se dozv\u00edte v po\u0159adu Zaost\u0159eno Lucie P\u00e1vov\u00e9.<\/p>","protected":false},"excerpt":{"rendered":"<p>O suchu sl\u00fdch\u00e1me v souvislosti se zm\u011bnou klimatu \u010d\u00edm d\u00e1l \u010dast\u011bji. Pr\u00e1zdn\u011bj\u0161\u00ed studny a z\u00e1kazy napou\u0161t\u011bn\u00ed baz\u00e9n\u016f ale nejsou jedin\u00fdm dopadem zm\u011bn na Zemi. Je\u0161t\u011b drtiv\u011bj\u0161\u00ed dopad m\u00e1 sucho na organismy, kter\u00e9 \u017eij\u00ed ve vod\u011b a v jej\u00ed t\u011bsn\u00e9 bl\u00edzkosti. Jak klimatick\u00e1 zm\u011bna ovliv\u0148uje kvalitu vody? Zvl\u00e1dnou se raci nebo ryby p\u0159izp\u016fsobit? A je vlastn\u011b [&hellip;]<\/p>\n","protected":false},"author":0,"featured_media":8650,"comment_status":"closed","ping_status":"closed","sticky":false,"template":"","format":"standard","meta":{"footnotes":""},"categories":[146],"tags":[],"class_list":["post-8649","post","type-post","status-publish","format-standard","has-post-thumbnail","hentry","category-agrofakta-cz"],"_links":{"self":[{"href":"https:\/\/czuni.cz\/index.php?rest_route=\/wp\/v2\/posts\/8649","targetHints":{"allow":["GET"]}}],"collection":[{"href":"https:\/\/czuni.cz\/index.php?rest_route=\/wp\/v2\/posts"}],"about":[{"href":"https:\/\/czuni.cz\/index.php?rest_route=\/wp\/v2\/types\/post"}],"replies":[{"embeddable":true,"href":"https:\/\/czuni.cz\/index.php?rest_route=%2Fwp%2Fv2%2Fcomments&post=8649"}],"version-history":[{"count":0,"href":"https:\/\/czuni.cz\/index.php?rest_route=\/wp\/v2\/posts\/8649\/revisions"}],"wp:featuredmedia":[{"embeddable":true,"href":"https:\/\/czuni.cz\/index.php?rest_route=\/wp\/v2\/media\/8650"}],"wp:attachment":[{"href":"https:\/\/czuni.cz\/index.php?rest_route=%2Fwp%2Fv2%2Fmedia&parent=8649"}],"wp:term":[{"taxonomy":"category","embeddable":true,"href":"https:\/\/czuni.cz\/index.php?rest_route=%2Fwp%2Fv2%2Fcategories&post=8649"},{"taxonomy":"post_tag","embeddable":true,"href":"https:\/\/czuni.cz\/index.php?rest_route=%2Fwp%2Fv2%2Ftags&post=8649"}],"curies":[{"name":"wp","href":"https:\/\/api.w.org\/{rel}","templated":true}]}}