{"id":8651,"date":"2023-11-09T23:49:23","date_gmt":"2023-11-09T22:49:23","guid":{"rendered":"https:\/\/czuni.cz\/potravinarsky-pavilon-ma-za-sebou-prvni-rok-existence\/"},"modified":"2023-11-09T23:49:23","modified_gmt":"2023-11-09T22:49:23","slug":"potravinarsky-pavilon-ma-za-sebou-prvni-rok-existence","status":"publish","type":"post","link":"https:\/\/czuni.cz\/?p=8651","title":{"rendered":"Potravin\u00e1\u0159sk\u00fd pavilon m\u00e1 za sebou prvn\u00ed rok existence"},"content":{"rendered":"<p>Vloni v \u0159\u00edjnu byl zah\u00e1jen provoz Potravin\u00e1\u0159sk\u00e9ho pavilonu. Ji\u017e nyn\u00ed lze \u0159\u00edci, \u017ee se z velk\u00e9 \u010d\u00e1st\u00ed naplnily p\u016fvodn\u00ed vize a principy, kter\u00e9 se od tohoto projektu o\u010dek\u00e1valy. Vznikla re\u00e1ln\u00e1 a funk\u010dn\u00ed potravin\u00e1\u0159sk\u00e1 pracovi\u0161t\u011b propojuj\u00edc\u00ed v\u00fduku s prax\u00ed a nab\u00edzej\u00edc\u00ed student\u016fm hodnotu, kter\u00e1 je nejen z pohledu trhu pr\u00e1ce velmi o\u010dek\u00e1v\u00e1na.<\/p>\n<p>Cel\u00fd \u010dl\u00e1nek na <a href=\"https:\/\/zivauni.cz\/potravinarsky-pavilon-ma-za-sebou-prvni-rok-existence\/\">https:\/\/zivauni.cz\/potravinarsky-pavilon-ma-za-sebou-prvni-rok-existence\/<\/a><\/p>","protected":false},"excerpt":{"rendered":"<p>Vloni v \u0159\u00edjnu byl zah\u00e1jen provoz Potravin\u00e1\u0159sk\u00e9ho pavilonu. Ji\u017e nyn\u00ed lze \u0159\u00edci, \u017ee se z velk\u00e9 \u010d\u00e1st\u00ed naplnily p\u016fvodn\u00ed vize a principy, kter\u00e9 se od tohoto projektu o\u010dek\u00e1valy. Vznikla re\u00e1ln\u00e1 a funk\u010dn\u00ed potravin\u00e1\u0159sk\u00e1 pracovi\u0161t\u011b propojuj\u00edc\u00ed v\u00fduku s prax\u00ed a nab\u00edzej\u00edc\u00ed student\u016fm hodnotu, kter\u00e1 je nejen z pohledu trhu pr\u00e1ce velmi o\u010dek\u00e1v\u00e1na. Cel\u00fd \u010dl\u00e1nek na https:\/\/zivauni.cz\/potravinarsky-pavilon-ma-za-sebou-prvni-rok-existence\/<\/p>\n","protected":false},"author":0,"featured_media":0,"comment_status":"closed","ping_status":"closed","sticky":false,"template":"","format":"standard","meta":{"footnotes":""},"categories":[146],"tags":[],"class_list":["post-8651","post","type-post","status-publish","format-standard","hentry","category-agrofakta-cz"],"_links":{"self":[{"href":"https:\/\/czuni.cz\/index.php?rest_route=\/wp\/v2\/posts\/8651","targetHints":{"allow":["GET"]}}],"collection":[{"href":"https:\/\/czuni.cz\/index.php?rest_route=\/wp\/v2\/posts"}],"about":[{"href":"https:\/\/czuni.cz\/index.php?rest_route=\/wp\/v2\/types\/post"}],"replies":[{"embeddable":true,"href":"https:\/\/czuni.cz\/index.php?rest_route=%2Fwp%2Fv2%2Fcomments&post=8651"}],"version-history":[{"count":0,"href":"https:\/\/czuni.cz\/index.php?rest_route=\/wp\/v2\/posts\/8651\/revisions"}],"wp:attachment":[{"href":"https:\/\/czuni.cz\/index.php?rest_route=%2Fwp%2Fv2%2Fmedia&parent=8651"}],"wp:term":[{"taxonomy":"category","embeddable":true,"href":"https:\/\/czuni.cz\/index.php?rest_route=%2Fwp%2Fv2%2Fcategories&post=8651"},{"taxonomy":"post_tag","embeddable":true,"href":"https:\/\/czuni.cz\/index.php?rest_route=%2Fwp%2Fv2%2Ftags&post=8651"}],"curies":[{"name":"wp","href":"https:\/\/api.w.org\/{rel}","templated":true}]}}