{"id":8654,"date":"2023-10-16T22:49:39","date_gmt":"2023-10-16T20:49:39","guid":{"rendered":"https:\/\/czuni.cz\/zmena-klimatu-ohrozuje-produkci-aromatickeho-chmele-v-evrope\/"},"modified":"2023-10-16T22:49:39","modified_gmt":"2023-10-16T20:49:39","slug":"zmena-klimatu-ohrozuje-produkci-aromatickeho-chmele-v-evrope","status":"publish","type":"post","link":"https:\/\/czuni.cz\/?p=8654","title":{"rendered":"Zm\u011bna klimatu ohro\u017euje produkci aromatick\u00e9ho chmele v Evrop\u011b"},"content":{"rendered":"<p>R\u016fst teplot a st\u00e1le \u010dast\u011bj\u0161\u00ed sucha v minul\u00fdch letech vedly a nad\u00e1le povedou ke sni\u017eov\u00e1n\u00ed v\u00fdnosu aromatick\u00e9ho chmele v tradi\u010dn\u00edch chmela\u0159sk\u00fdch oblastech Evropy. Z\u00e1rove\u0148 se sni\u017euje obsah alfa ho\u0159k\u00fdch l\u00e1tek, kter\u00e9 ur\u010duj\u00ed chu\u0165 a ho\u0159kost piva. P\u011bstitel\u00e9 chmele tak pot\u0159ebuj\u00ed urychlen\u011b vytvo\u0159it adapta\u010dn\u00ed strategii a p\u0159ijmout konkr\u00e9tn\u00ed opat\u0159en\u00ed vedouc\u00ed k udr\u017een\u00ed produkce.<\/p>\n<p>Cel\u00fd \u010dl\u00e1nek na <a href=\"https:\/\/zivauni.cz\/zmena-klimatu-ohrozuje-produkci-aromatickeho-chmele-v-evrope\/\">https:\/\/zivauni.cz\/zmena-klimatu-ohrozuje-produkci-aromatickeho-chmele-v-evrope\/<\/a><\/p>","protected":false},"excerpt":{"rendered":"<p>R\u016fst teplot a st\u00e1le \u010dast\u011bj\u0161\u00ed sucha v minul\u00fdch letech vedly a nad\u00e1le povedou ke sni\u017eov\u00e1n\u00ed v\u00fdnosu aromatick\u00e9ho chmele v tradi\u010dn\u00edch chmela\u0159sk\u00fdch oblastech Evropy. Z\u00e1rove\u0148 se sni\u017euje obsah alfa ho\u0159k\u00fdch l\u00e1tek, kter\u00e9 ur\u010duj\u00ed chu\u0165 a ho\u0159kost piva. P\u011bstitel\u00e9 chmele tak pot\u0159ebuj\u00ed urychlen\u011b vytvo\u0159it adapta\u010dn\u00ed strategii a p\u0159ijmout konkr\u00e9tn\u00ed opat\u0159en\u00ed vedouc\u00ed k udr\u017een\u00ed produkce. Cel\u00fd \u010dl\u00e1nek na [&hellip;]<\/p>\n","protected":false},"author":0,"featured_media":0,"comment_status":"closed","ping_status":"closed","sticky":false,"template":"","format":"standard","meta":{"footnotes":""},"categories":[146],"tags":[],"class_list":["post-8654","post","type-post","status-publish","format-standard","hentry","category-agrofakta-cz"],"_links":{"self":[{"href":"https:\/\/czuni.cz\/index.php?rest_route=\/wp\/v2\/posts\/8654","targetHints":{"allow":["GET"]}}],"collection":[{"href":"https:\/\/czuni.cz\/index.php?rest_route=\/wp\/v2\/posts"}],"about":[{"href":"https:\/\/czuni.cz\/index.php?rest_route=\/wp\/v2\/types\/post"}],"replies":[{"embeddable":true,"href":"https:\/\/czuni.cz\/index.php?rest_route=%2Fwp%2Fv2%2Fcomments&post=8654"}],"version-history":[{"count":0,"href":"https:\/\/czuni.cz\/index.php?rest_route=\/wp\/v2\/posts\/8654\/revisions"}],"wp:attachment":[{"href":"https:\/\/czuni.cz\/index.php?rest_route=%2Fwp%2Fv2%2Fmedia&parent=8654"}],"wp:term":[{"taxonomy":"category","embeddable":true,"href":"https:\/\/czuni.cz\/index.php?rest_route=%2Fwp%2Fv2%2Fcategories&post=8654"},{"taxonomy":"post_tag","embeddable":true,"href":"https:\/\/czuni.cz\/index.php?rest_route=%2Fwp%2Fv2%2Ftags&post=8654"}],"curies":[{"name":"wp","href":"https:\/\/api.w.org\/{rel}","templated":true}]}}