{"id":87,"date":"2019-12-10T10:57:15","date_gmt":"2019-12-10T09:57:15","guid":{"rendered":"http:\/\/czuni.cz\/?p=87"},"modified":"2020-01-20T13:05:21","modified_gmt":"2020-01-20T12:05:21","slug":"klimaticka-zmena-kostelec-nad-cernymi-lesy","status":"publish","type":"post","link":"https:\/\/czuni.cz\/?p=87","title":{"rendered":"Klimatick\u00e1 zm\u011bna  &#8211; Kostelec nad \u010cern\u00fdmi lesy"},"content":{"rendered":"<p> Klimatick\u00e1 zm\u011bna&nbsp; <strong>&#8211; jej\u00ed vliv na lesn\u00ed ekosyst\u00e9my&nbsp; a mo\u017enosti adaptace lesn\u00edho hospoda\u0159en\u00ed, <\/strong>Kostelec nad \u010cern\u00fdmi lesy, 10.12.2019 <\/p>","protected":false},"excerpt":{"rendered":"<p>Klimatick\u00e1 zm\u011bna&nbsp; &#8211; jej\u00ed vliv na lesn\u00ed ekosyst\u00e9my&nbsp; a mo\u017enosti adaptace lesn\u00edho hospoda\u0159en\u00ed, Kostelec nad \u010cern\u00fdmi lesy, 10.12.2019<\/p>\n","protected":false},"author":1,"featured_media":0,"comment_status":"closed","ping_status":"closed","sticky":false,"template":"","format":"standard","meta":{"footnotes":""},"categories":[7,3],"tags":[],"class_list":["post-87","post","type-post","status-publish","format-standard","hentry","category-odborne-seminare-v-regionech-ci-v-praze","category-spoluprace-s-vscht"],"_links":{"self":[{"href":"https:\/\/czuni.cz\/index.php?rest_route=\/wp\/v2\/posts\/87","targetHints":{"allow":["GET"]}}],"collection":[{"href":"https:\/\/czuni.cz\/index.php?rest_route=\/wp\/v2\/posts"}],"about":[{"href":"https:\/\/czuni.cz\/index.php?rest_route=\/wp\/v2\/types\/post"}],"author":[{"embeddable":true,"href":"https:\/\/czuni.cz\/index.php?rest_route=\/wp\/v2\/users\/1"}],"replies":[{"embeddable":true,"href":"https:\/\/czuni.cz\/index.php?rest_route=%2Fwp%2Fv2%2Fcomments&post=87"}],"version-history":[{"count":2,"href":"https:\/\/czuni.cz\/index.php?rest_route=\/wp\/v2\/posts\/87\/revisions"}],"predecessor-version":[{"id":107,"href":"https:\/\/czuni.cz\/index.php?rest_route=\/wp\/v2\/posts\/87\/revisions\/107"}],"wp:attachment":[{"href":"https:\/\/czuni.cz\/index.php?rest_route=%2Fwp%2Fv2%2Fmedia&parent=87"}],"wp:term":[{"taxonomy":"category","embeddable":true,"href":"https:\/\/czuni.cz\/index.php?rest_route=%2Fwp%2Fv2%2Fcategories&post=87"},{"taxonomy":"post_tag","embeddable":true,"href":"https:\/\/czuni.cz\/index.php?rest_route=%2Fwp%2Fv2%2Ftags&post=87"}],"curies":[{"name":"wp","href":"https:\/\/api.w.org\/{rel}","templated":true}]}}