{"id":8729,"date":"2024-04-08T13:08:48","date_gmt":"2024-04-08T11:08:48","guid":{"rendered":"https:\/\/czuni.cz\/svetovy-den-zdravi-trapi-nas-pandemie-obezity\/"},"modified":"2024-04-08T13:08:48","modified_gmt":"2024-04-08T11:08:48","slug":"svetovy-den-zdravi-trapi-nas-pandemie-obezity","status":"publish","type":"post","link":"https:\/\/czuni.cz\/?p=8729","title":{"rendered":"Sv\u011btov\u00fd den zdrav\u00ed: Tr\u00e1p\u00ed n\u00e1s pandemie obezity"},"content":{"rendered":"<p>Na 7. dubna p\u0159ipad\u00e1 u p\u0159\u00edle\u017eitosti zalo\u017een\u00ed Sv\u011btov\u00e9 zdravotnick\u00e9 organizace Den zdrav\u00ed. Jeho leto\u0161n\u00edm t\u00e9matem je Pr\u00e1vo na zdrav\u00ed. V tento den si p\u0159ipom\u00edn\u00e1me d\u016fle\u017eitost kvality zdravotn\u00ed p\u00e9\u010de, nutnost v\u011bt\u0161\u00ed informovanosti a tak\u00e9 spr\u00e1vn\u00e9 v\u00fd\u017eivy. Pr\u00e1v\u011b o zdrav\u00e9m \u017eivotn\u00edm stylu a rizic\u00edch, kter\u00e1 s sebou nesou choroby p\u0159\u00edzna\u010dn\u00e9 pro dne\u0161n\u00ed dobu, si pov\u00edd\u00e1me s odbornou asistentkou na Fakult\u011b agrobiologie, potravinov\u00fdch a p\u0159\u00edrodn\u00edch zdroj\u016f Ing. Mgr. Dianou Chrpovou, Ph.D.<\/p>\n<p>Cel\u00fd\u00fd \u010dl\u00e1nek na <a href=\"https:\/\/zivauni.cz\/svetovy-den-zdravi-trapi-nas-pandemie-obezity\/\">https:\/\/zivauni.cz\/svetovy-den-zdravi-trapi-nas-pandemie-obezity\/<\/a><\/p>","protected":false},"excerpt":{"rendered":"<p>Na 7. dubna p\u0159ipad\u00e1 u p\u0159\u00edle\u017eitosti zalo\u017een\u00ed Sv\u011btov\u00e9 zdravotnick\u00e9 organizace Den zdrav\u00ed. Jeho leto\u0161n\u00edm t\u00e9matem je Pr\u00e1vo na zdrav\u00ed. V tento den si p\u0159ipom\u00edn\u00e1me d\u016fle\u017eitost kvality zdravotn\u00ed p\u00e9\u010de, nutnost v\u011bt\u0161\u00ed informovanosti a tak\u00e9 spr\u00e1vn\u00e9 v\u00fd\u017eivy. Pr\u00e1v\u011b o zdrav\u00e9m \u017eivotn\u00edm stylu a rizic\u00edch, kter\u00e1 s sebou nesou choroby p\u0159\u00edzna\u010dn\u00e9 pro dne\u0161n\u00ed dobu, si pov\u00edd\u00e1me s odbornou [&hellip;]<\/p>\n","protected":false},"author":0,"featured_media":8730,"comment_status":"closed","ping_status":"closed","sticky":false,"template":"","format":"standard","meta":{"footnotes":""},"categories":[146],"tags":[],"class_list":["post-8729","post","type-post","status-publish","format-standard","has-post-thumbnail","hentry","category-agrofakta-cz"],"_links":{"self":[{"href":"https:\/\/czuni.cz\/index.php?rest_route=\/wp\/v2\/posts\/8729","targetHints":{"allow":["GET"]}}],"collection":[{"href":"https:\/\/czuni.cz\/index.php?rest_route=\/wp\/v2\/posts"}],"about":[{"href":"https:\/\/czuni.cz\/index.php?rest_route=\/wp\/v2\/types\/post"}],"replies":[{"embeddable":true,"href":"https:\/\/czuni.cz\/index.php?rest_route=%2Fwp%2Fv2%2Fcomments&post=8729"}],"version-history":[{"count":0,"href":"https:\/\/czuni.cz\/index.php?rest_route=\/wp\/v2\/posts\/8729\/revisions"}],"wp:featuredmedia":[{"embeddable":true,"href":"https:\/\/czuni.cz\/index.php?rest_route=\/wp\/v2\/media\/8730"}],"wp:attachment":[{"href":"https:\/\/czuni.cz\/index.php?rest_route=%2Fwp%2Fv2%2Fmedia&parent=8729"}],"wp:term":[{"taxonomy":"category","embeddable":true,"href":"https:\/\/czuni.cz\/index.php?rest_route=%2Fwp%2Fv2%2Fcategories&post=8729"},{"taxonomy":"post_tag","embeddable":true,"href":"https:\/\/czuni.cz\/index.php?rest_route=%2Fwp%2Fv2%2Ftags&post=8729"}],"curies":[{"name":"wp","href":"https:\/\/api.w.org\/{rel}","templated":true}]}}